{"id":254,"date":"2021-10-01T15:15:21","date_gmt":"2021-10-01T13:15:21","guid":{"rendered":"http:\/\/themesgavias.com\/wp\/oxpitan\/?p=254"},"modified":"2022-01-06T22:03:47","modified_gmt":"2022-01-06T21:03:47","slug":"dejando-atras-los-mitos","status":"publish","type":"post","link":"https:\/\/www.corporaciongpf.com\/alianzaoperacionsonrisa\/dejando-atras-los-mitos\/","title":{"rendered":"Dejando atr\u00e1s los mitos"},"content":{"rendered":"\t\t<div data-elementor-type=\"wp-post\" data-elementor-id=\"254\" class=\"elementor elementor-254\" data-elementor-settings=\"[]\">\n\t\t\t\t\t\t\t<div class=\"elementor-section-wrap\">\n\t\t\t\t\t\t\t<section class=\"elementor-section elementor-top-section elementor-element elementor-element-29cc4906 elementor-section-boxed elementor-section-height-default elementor-section-height-default\" data-id=\"29cc4906\" data-element_type=\"section\">\n\t\t\t\t\t\t<div class=\"elementor-container elementor-column-gap-default\">\n\t\t\t\t\t<div class=\"elementor-column elementor-col-100 elementor-top-column elementor-element elementor-element-53aa8680 column-style-top column-top\" data-id=\"53aa8680\" data-element_type=\"column\">\n\t\t\t<div class=\"elementor-widget-wrap elementor-element-populated\">\n\t\t\t\t\t\t\t\t<div class=\"elementor-element elementor-element-59b58c04 elementor-widget elementor-widget-text-editor\" data-id=\"59b58c04\" data-element_type=\"widget\" data-widget_type=\"text-editor.default\">\n\t\t\t\t<div class=\"elementor-widget-container\">\n\t\t\t<style>\/*! elementor - v3.5.3 - 28-12-2021 *\/\n.elementor-widget-text-editor.elementor-drop-cap-view-stacked .elementor-drop-cap{background-color:#818a91;color:#fff}.elementor-widget-text-editor.elementor-drop-cap-view-framed .elementor-drop-cap{color:#818a91;border:3px solid;background-color:transparent}.elementor-widget-text-editor:not(.elementor-drop-cap-view-default) .elementor-drop-cap{margin-top:8px}.elementor-widget-text-editor:not(.elementor-drop-cap-view-default) .elementor-drop-cap-letter{width:1em;height:1em}.elementor-widget-text-editor .elementor-drop-cap{float:left;text-align:center;line-height:1;font-size:50px}.elementor-widget-text-editor .elementor-drop-cap-letter{display:inline-block}<\/style>\t\t\t\t<div class=\"field-item even\"><div class=\"field-item even\"><div class=\"field-item even\"><ol><li><strong> No es \u201clabio leporino\u201d<\/strong><\/li><\/ol><p>Aunque mucha gente lo llame as\u00ed, el t\u00e9rmino\u00a0<a href=\"http:\/\/www.bbmundo.com\/old\/como-corregir-el-labio-y-paladar-hendido\/\">\u201clabio leporino\u201d<\/a>\u00a0es incorrecto, ya que viene del lat\u00edn \u2018leporem\u2019, que hace referencia a la hendidura natural que tienen las liebres y los conejos.<\/p><ol start=\"2\"><li><strong>2<\/strong>. <strong>No es contagioso<\/strong><\/li><\/ol><p>Las causas son muy variadas, involucran predisposici\u00f3n gen\u00e9tica, deficiencia de vitaminas del grupo B como\u00a0<a href=\"http:\/\/www.bbmundo.com\/embarazo\/primer-trimestre\/demasiado-acido-folico-es-peligroso\/\">\u00e1cido f\u00f3lico<\/a>, aunado a los factores ambientales que pueden afectar el desarrollo del ni\u00f1o, como el consumo de medicinas sin receta m\u00e9dica, sustancias psicotr\u00f3picas, la exposici\u00f3n al humo de tabaco, entre otras cosas.<\/p><p>Por tanto, el labio y el paladar hendido no es contagioso ni representa un riesgo para ninguna otra persona.<\/p><ol start=\"3\"><li><strong> Tiene cura<\/strong><\/li><\/ol><p>La cirug\u00eda para reparar el LPH es simple y la transformaci\u00f3n es inmediata. Una fisura labial usualmente se repara con una cirug\u00eda a los 3 o 6 meses de edad. Una fisura palatina se suele reparar entre los 7 y 18 meses de edad. Por lo general, es necesario complementar las cirug\u00edas con otros tratamientos como terapia del lenguaje, ortodoncia o una cirug\u00eda de nariz, etc\u00e9tera.<\/p><ol start=\"4\"><li><strong> No es solo un problema est\u00e9tico<\/strong><\/li><\/ol><p>Tambi\u00e9n le causa problemas para comer, respirar y hablar al beb\u00e9. Esto provoca que los ni\u00f1os que lo padecen, suelan ser v\u00edctimas de acoso escolar, aislamiento social y baja autoestima, lo cual les impide participar de manera plena en sus comunidades.<\/p><ol start=\"7\"><li><strong> Los ni\u00f1os con Fisura de labio y paladar no tienen ning\u00fan efecto cognitivo<\/strong><\/li><\/ol><p>El labio y paladar hendido no es una discapacidad cognitiva, aunque entre sus consecuencias est\u00e9n las dificultades para hablar u o\u00edr. Est\u00e1 comprobado que los pacientes son tan capaces, intelectual y f\u00edsicamente, como cualquier otro ni\u00f1o sin esta condici\u00f3n.<\/p><p>Con un tratamiento completo y adecuado pueden alcanzar su m\u00e1ximo potencial y llevar una vida plena y productiva.<\/p><p><strong>Tomado de:<\/strong> <a href=\"https:\/\/bbmundo.com\/bebes\/cero-seis\/labio-leporino-embarazo-eclipse-labio-y-paladar-hendido\/\">https:\/\/bbmundo.com\/bebes\/cero-seis\/labio-leporino-embarazo-eclipse-labio-y-paladar-hendido\/<\/a><\/p><\/div><\/div><\/div>\t\t\t\t\t\t<\/div>\n\t\t\t\t<\/div>\n\t\t\t\t\t<\/div>\n\t\t<\/div>\n\t\t\t\t\t\t\t<\/div>\n\t\t<\/section>\n\t\t\t\t\t\t<\/div>\n\t\t\t\t\t<\/div>\n\t\t","protected":false},"excerpt":{"rendered":"<p>No es \u201clabio leporino\u201d Aunque mucha gente lo llame as\u00ed, el t\u00e9rmino&nbsp;\u201clabio leporino\u201d&nbsp;es incorrecto, ya que viene del lat\u00edn \u2018leporem\u2019, que hace referencia a la hendidura natural que tienen las liebres y los conejos. 2. No es contagioso Las causas son muy variadas, involucran predisposici\u00f3n gen\u00e9tica, deficiencia de vitaminas del grupo B como&nbsp;\u00e1cido f\u00f3lico, aunado [&hellip;]<\/p>\n","protected":false},"author":1,"featured_media":4964,"comment_status":"closed","ping_status":"closed","sticky":false,"template":"","format":"video","meta":[],"categories":[16],"tags":[],"_links":{"self":[{"href":"https:\/\/www.corporaciongpf.com\/alianzaoperacionsonrisa\/wp-json\/wp\/v2\/posts\/254"}],"collection":[{"href":"https:\/\/www.corporaciongpf.com\/alianzaoperacionsonrisa\/wp-json\/wp\/v2\/posts"}],"about":[{"href":"https:\/\/www.corporaciongpf.com\/alianzaoperacionsonrisa\/wp-json\/wp\/v2\/types\/post"}],"author":[{"embeddable":true,"href":"https:\/\/www.corporaciongpf.com\/alianzaoperacionsonrisa\/wp-json\/wp\/v2\/users\/1"}],"replies":[{"embeddable":true,"href":"https:\/\/www.corporaciongpf.com\/alianzaoperacionsonrisa\/wp-json\/wp\/v2\/comments?post=254"}],"version-history":[{"count":5,"href":"https:\/\/www.corporaciongpf.com\/alianzaoperacionsonrisa\/wp-json\/wp\/v2\/posts\/254\/revisions"}],"predecessor-version":[{"id":5315,"href":"https:\/\/www.corporaciongpf.com\/alianzaoperacionsonrisa\/wp-json\/wp\/v2\/posts\/254\/revisions\/5315"}],"wp:featuredmedia":[{"embeddable":true,"href":"https:\/\/www.corporaciongpf.com\/alianzaoperacionsonrisa\/wp-json\/wp\/v2\/media\/4964"}],"wp:attachment":[{"href":"https:\/\/www.corporaciongpf.com\/alianzaoperacionsonrisa\/wp-json\/wp\/v2\/media?parent=254"}],"wp:term":[{"taxonomy":"category","embeddable":true,"href":"https:\/\/www.corporaciongpf.com\/alianzaoperacionsonrisa\/wp-json\/wp\/v2\/categories?post=254"},{"taxonomy":"post_tag","embeddable":true,"href":"https:\/\/www.corporaciongpf.com\/alianzaoperacionsonrisa\/wp-json\/wp\/v2\/tags?post=254"}],"curies":[{"name":"wp","href":"https:\/\/api.w.org\/{rel}","templated":true}]}}