{"id":257,"date":"2021-10-01T15:00:10","date_gmt":"2021-10-01T13:00:10","guid":{"rendered":"http:\/\/themesgavias.com\/wp\/oxpitan\/?p=257"},"modified":"2022-01-06T22:03:39","modified_gmt":"2022-01-06T21:03:39","slug":"que-es-el-labio-y-paladar-hendido","status":"publish","type":"post","link":"https:\/\/www.corporaciongpf.com\/alianzaoperacionsonrisa\/que-es-el-labio-y-paladar-hendido\/","title":{"rendered":"\u00bfQu\u00e9 es el labio y paladar hendido?"},"content":{"rendered":"\t\t<div data-elementor-type=\"wp-post\" data-elementor-id=\"257\" class=\"elementor elementor-257\" data-elementor-settings=\"[]\">\n\t\t\t\t\t\t\t<div class=\"elementor-section-wrap\">\n\t\t\t\t\t\t\t<section class=\"elementor-section elementor-top-section elementor-element elementor-element-3814609b elementor-section-boxed elementor-section-height-default elementor-section-height-default\" data-id=\"3814609b\" data-element_type=\"section\">\n\t\t\t\t\t\t<div class=\"elementor-container elementor-column-gap-default\">\n\t\t\t\t\t<div class=\"elementor-column elementor-col-100 elementor-top-column elementor-element elementor-element-4183b5ec column-style-top column-top\" data-id=\"4183b5ec\" data-element_type=\"column\">\n\t\t\t<div class=\"elementor-widget-wrap elementor-element-populated\">\n\t\t\t\t\t\t\t\t<div class=\"elementor-element elementor-element-64dbc7ac elementor-widget elementor-widget-text-editor\" data-id=\"64dbc7ac\" data-element_type=\"widget\" data-widget_type=\"text-editor.default\">\n\t\t\t\t<div class=\"elementor-widget-container\">\n\t\t\t<style>\/*! elementor - v3.5.3 - 28-12-2021 *\/\n.elementor-widget-text-editor.elementor-drop-cap-view-stacked .elementor-drop-cap{background-color:#818a91;color:#fff}.elementor-widget-text-editor.elementor-drop-cap-view-framed .elementor-drop-cap{color:#818a91;border:3px solid;background-color:transparent}.elementor-widget-text-editor:not(.elementor-drop-cap-view-default) .elementor-drop-cap{margin-top:8px}.elementor-widget-text-editor:not(.elementor-drop-cap-view-default) .elementor-drop-cap-letter{width:1em;height:1em}.elementor-widget-text-editor .elementor-drop-cap{float:left;text-align:center;line-height:1;font-size:50px}.elementor-widget-text-editor .elementor-drop-cap-letter{display:inline-block}<\/style>\t\t\t\t<div class=\"field-item even\"><p>Los labios se forman entre las semanas 4 y 7 del embarazo. Durante el desarrollo del beb\u00e9 en el embarazo, los tejidos de su cuerpo y unas c\u00e9lulas especiales a cada lado de la cabeza crecen hacia el centro de la cara y se unen para formar su cara. La uni\u00f3n de estos tejidos forma los rasgos faciales como los labios y la boca. El labio hendido se produce cuando el tejido que forma los labios no se une completamente antes del nacimiento. Esto ocasiona una abertura en el labio superior. La abertura puede ser una hendidura peque\u00f1a o una hendidura grande que atraviesa el labio y llega hasta la nariz. Las hendiduras pueden producirse en un lado del labio, en ambos lados o en la parte central, lo que es muy poco usual. Los ni\u00f1os con labio hendido tambi\u00e9n pueden tener el paladar hendido.<\/p><p>El paladar se forma entre las semanas 6 y 9 del embarazo. El paladar hendido se produce cuando el tejido que forma el paladar no se une completamente durante el embarazo. En algunos beb\u00e9s, tanto la parte de adelante como la parte de atr\u00e1s del paladar quedan abiertas. En otros, solo una parte del paladar queda abierta.<\/p><\/div><p><strong>Otros problemas<\/strong><\/p><p>Los ni\u00f1os que tienen el labio hendido, con o sin hendidura de paladar, o que solo tienen el paladar hendido suelen tener dificultades para alimentarse y hablar claramente, y pueden tener infecciones de o\u00eddo. Tambi\u00e9n pueden tener problemas auditivos y problemas con los dientes.<\/p><p><strong>Tomado de:<\/strong> <a href=\"https:\/\/www.cdc.gov\/ncbddd\/spanish\/birthdefects\/cleftlip.html\">https:\/\/www.cdc.gov\/ncbddd\/spanish\/birthdefects\/cleftlip.html<\/a><\/p>\t\t\t\t\t\t<\/div>\n\t\t\t\t<\/div>\n\t\t\t\t\t<\/div>\n\t\t<\/div>\n\t\t\t\t\t\t\t<\/div>\n\t\t<\/section>\n\t\t\t\t\t\t<\/div>\n\t\t\t\t\t<\/div>\n\t\t","protected":false},"excerpt":{"rendered":"<p>Los labios se forman entre las semanas 4 y 7 del embarazo. Durante el desarrollo del beb\u00e9 en el embarazo, los tejidos de su cuerpo y unas c\u00e9lulas especiales a cada lado de la cabeza crecen hacia el centro de la cara y se unen para formar su cara. La uni\u00f3n de estos tejidos forma [&hellip;]<\/p>\n","protected":false},"author":1,"featured_media":4960,"comment_status":"closed","ping_status":"closed","sticky":false,"template":"","format":"gallery","meta":[],"categories":[16],"tags":[],"_links":{"self":[{"href":"https:\/\/www.corporaciongpf.com\/alianzaoperacionsonrisa\/wp-json\/wp\/v2\/posts\/257"}],"collection":[{"href":"https:\/\/www.corporaciongpf.com\/alianzaoperacionsonrisa\/wp-json\/wp\/v2\/posts"}],"about":[{"href":"https:\/\/www.corporaciongpf.com\/alianzaoperacionsonrisa\/wp-json\/wp\/v2\/types\/post"}],"author":[{"embeddable":true,"href":"https:\/\/www.corporaciongpf.com\/alianzaoperacionsonrisa\/wp-json\/wp\/v2\/users\/1"}],"replies":[{"embeddable":true,"href":"https:\/\/www.corporaciongpf.com\/alianzaoperacionsonrisa\/wp-json\/wp\/v2\/comments?post=257"}],"version-history":[{"count":8,"href":"https:\/\/www.corporaciongpf.com\/alianzaoperacionsonrisa\/wp-json\/wp\/v2\/posts\/257\/revisions"}],"predecessor-version":[{"id":5316,"href":"https:\/\/www.corporaciongpf.com\/alianzaoperacionsonrisa\/wp-json\/wp\/v2\/posts\/257\/revisions\/5316"}],"wp:featuredmedia":[{"embeddable":true,"href":"https:\/\/www.corporaciongpf.com\/alianzaoperacionsonrisa\/wp-json\/wp\/v2\/media\/4960"}],"wp:attachment":[{"href":"https:\/\/www.corporaciongpf.com\/alianzaoperacionsonrisa\/wp-json\/wp\/v2\/media?parent=257"}],"wp:term":[{"taxonomy":"category","embeddable":true,"href":"https:\/\/www.corporaciongpf.com\/alianzaoperacionsonrisa\/wp-json\/wp\/v2\/categories?post=257"},{"taxonomy":"post_tag","embeddable":true,"href":"https:\/\/www.corporaciongpf.com\/alianzaoperacionsonrisa\/wp-json\/wp\/v2\/tags?post=257"}],"curies":[{"name":"wp","href":"https:\/\/api.w.org\/{rel}","templated":true}]}}